{"id":91,"date":"2014-01-21T18:38:18","date_gmt":"2014-01-21T18:38:18","guid":{"rendered":"http:\/\/portoguitarra.com\/?p=91"},"modified":"2014-07-23T18:22:02","modified_gmt":"2014-07-23T18:22:02","slug":"viola-baixo","status":"publish","type":"post","link":"https:\/\/portoguitarra.com\/en\/produtos\/viola-baixo\/","title":{"rendered":"Bass Guitar"},"content":{"rendered":"<p>It is widely used to play Lisbon Fado. It has a large harmonic box and a warm sound.<br \/>\nThese bass guitars, when built according to the Portuguese tradition, are instruments that have a unique character when compared to similar instruments.<\/p>\n<p>In its different configurations of construction, these are the most popular:<br \/>\nTop: Spruce<br \/>\nSides and back: Walnut, Rosewood<br \/>\nNeck: Mahogany<br \/>\nFretboard: Wenge, Rosewood, Ebony<\/p>","protected":false},"excerpt":{"rendered":"<p>It is widely used to play Lisbon Fado. It has a large harmonic box and a warm sound. These bass guitars, when built according to the Portuguese tradition, are instruments that have a unique character when compared to similar instruments. In its different configurations of construction, these are the most popular: Top: Spruce Sides and[&#8230;..]<\/p>\n","protected":false},"author":2,"featured_media":300,"comment_status":"open","ping_status":"open","sticky":false,"template":"","format":"standard","meta":[],"categories":[14,4,28],"tags":[],"yoast_head":"<!-- This site is optimized with the Yoast SEO plugin v16.2 - https:\/\/yoast.com\/wordpress\/plugins\/seo\/ -->\n<title>Viola BaixoBass Guitar - Porto Guitarra<\/title>\n<meta name=\"description\" content=\"Instrumento muito utilizado no acompanhamento do fado de Lisboa. \u00c9 uma viola com uma caixa harm\u00f3nica de grandes dimens\u00f5es e possui um som &quot;cheio&quot; e\" \/>\n<meta name=\"robots\" content=\"index, follow, max-snippet:-1, max-image-preview:large, max-video-preview:-1\" \/>\n<link rel=\"canonical\" href=\"https:\/\/portoguitarra.com\/produtos\/viola-baixo\/\" \/>\n<meta property=\"og:locale\" content=\"en_US\" \/>\n<meta property=\"og:type\" content=\"article\" \/>\n<meta property=\"og:title\" content=\"Viola BaixoBass Guitar - Porto Guitarra\" \/>\n<meta property=\"og:description\" content=\"Instrumento muito utilizado no acompanhamento do fado de Lisboa. \u00c9 uma viola com uma caixa harm\u00f3nica de grandes dimens\u00f5es e possui um som &quot;cheio&quot; e\" \/>\n<meta property=\"og:url\" content=\"https:\/\/portoguitarra.com\/produtos\/viola-baixo\/\" \/>\n<meta property=\"og:site_name\" content=\"Porto Guitarra\" \/>\n<meta property=\"article:publisher\" content=\"https:\/\/www.facebook.com\/portoguitarra\" \/>\n<meta property=\"article:published_time\" content=\"2014-01-21T18:38:18+00:00\" \/>\n<meta property=\"article:modified_time\" content=\"2014-07-23T18:22:02+00:00\" \/>\n<meta property=\"og:image\" content=\"https:\/\/portoguitarra.com\/content\/uploads\/2014\/05\/baixo-fado.jpg\" \/>\n\t<meta property=\"og:image:width\" content=\"1440\" \/>\n\t<meta property=\"og:image:height\" content=\"2160\" \/>\n<meta name=\"twitter:label1\" content=\"Est. reading time\">\n\t<meta name=\"twitter:data1\" content=\"1 minute\">\n<script type=\"application\/ld+json\" class=\"yoast-schema-graph\">{\"@context\":\"https:\/\/schema.org\",\"@graph\":[{\"@type\":\"WebSite\",\"@id\":\"https:\/\/portoguitarra.com\/#website\",\"url\":\"https:\/\/portoguitarra.com\/\",\"name\":\"Porto Guitarra\",\"description\":\"A magia dos instrumentos de corda\",\"potentialAction\":[{\"@type\":\"SearchAction\",\"target\":\"https:\/\/portoguitarra.com\/?s={search_term_string}\",\"query-input\":\"required name=search_term_string\"}],\"inLanguage\":\"en-US\"},{\"@type\":\"ImageObject\",\"@id\":\"https:\/\/portoguitarra.com\/produtos\/viola-baixo\/#primaryimage\",\"inLanguage\":\"en-US\",\"url\":\"https:\/\/portoguitarra.com\/content\/uploads\/2014\/05\/baixo-fado.jpg\",\"contentUrl\":\"https:\/\/portoguitarra.com\/content\/uploads\/2014\/05\/baixo-fado.jpg\",\"width\":1440,\"height\":2160},{\"@type\":\"WebPage\",\"@id\":\"https:\/\/portoguitarra.com\/produtos\/viola-baixo\/#webpage\",\"url\":\"https:\/\/portoguitarra.com\/produtos\/viola-baixo\/\",\"name\":\"Viola BaixoBass Guitar - Porto Guitarra\",\"isPartOf\":{\"@id\":\"https:\/\/portoguitarra.com\/#website\"},\"primaryImageOfPage\":{\"@id\":\"https:\/\/portoguitarra.com\/produtos\/viola-baixo\/#primaryimage\"},\"datePublished\":\"2014-01-21T18:38:18+00:00\",\"dateModified\":\"2014-07-23T18:22:02+00:00\",\"author\":{\"@id\":\"https:\/\/portoguitarra.com\/#\/schema\/person\/f7e37f1300706229304cb7f86ac30b1e\"},\"description\":\"Instrumento muito utilizado no acompanhamento do fado de Lisboa. \\u00c9 uma viola com uma caixa harm\\u00f3nica de grandes dimens\\u00f5es e possui um som \\\"cheio\\\" e\",\"breadcrumb\":{\"@id\":\"https:\/\/portoguitarra.com\/produtos\/viola-baixo\/#breadcrumb\"},\"inLanguage\":\"en-US\",\"potentialAction\":[{\"@type\":\"ReadAction\",\"target\":[\"https:\/\/portoguitarra.com\/produtos\/viola-baixo\/\"]}]},{\"@type\":\"BreadcrumbList\",\"@id\":\"https:\/\/portoguitarra.com\/produtos\/viola-baixo\/#breadcrumb\",\"itemListElement\":[{\"@type\":\"ListItem\",\"position\":1,\"item\":{\"@type\":\"WebPage\",\"@id\":\"https:\/\/portoguitarra.com\/\",\"url\":\"https:\/\/portoguitarra.com\/\",\"name\":\"In\\u00edcio\"}},{\"@type\":\"ListItem\",\"position\":2,\"item\":{\"@id\":\"https:\/\/portoguitarra.com\/produtos\/viola-baixo\/#webpage\"}}]},{\"@type\":\"Person\",\"@id\":\"https:\/\/portoguitarra.com\/#\/schema\/person\/f7e37f1300706229304cb7f86ac30b1e\",\"name\":\"admin\",\"image\":{\"@type\":\"ImageObject\",\"@id\":\"https:\/\/portoguitarra.com\/#personlogo\",\"inLanguage\":\"en-US\",\"url\":\"https:\/\/secure.gravatar.com\/avatar\/0cd7d3400470381199760b9636246196?s=96&d=mm&r=g\",\"contentUrl\":\"https:\/\/secure.gravatar.com\/avatar\/0cd7d3400470381199760b9636246196?s=96&d=mm&r=g\",\"caption\":\"admin\"}}]}<\/script>\n<!-- \/ Yoast SEO plugin. -->","_links":{"self":[{"href":"https:\/\/portoguitarra.com\/en\/wp-json\/wp\/v2\/posts\/91"}],"collection":[{"href":"https:\/\/portoguitarra.com\/en\/wp-json\/wp\/v2\/posts"}],"about":[{"href":"https:\/\/portoguitarra.com\/en\/wp-json\/wp\/v2\/types\/post"}],"author":[{"embeddable":true,"href":"https:\/\/portoguitarra.com\/en\/wp-json\/wp\/v2\/users\/2"}],"replies":[{"embeddable":true,"href":"https:\/\/portoguitarra.com\/en\/wp-json\/wp\/v2\/comments?post=91"}],"version-history":[{"count":0,"href":"https:\/\/portoguitarra.com\/en\/wp-json\/wp\/v2\/posts\/91\/revisions"}],"wp:featuredmedia":[{"embeddable":true,"href":"https:\/\/portoguitarra.com\/en\/wp-json\/wp\/v2\/media\/300"}],"wp:attachment":[{"href":"https:\/\/portoguitarra.com\/en\/wp-json\/wp\/v2\/media?parent=91"}],"wp:term":[{"taxonomy":"category","embeddable":true,"href":"https:\/\/portoguitarra.com\/en\/wp-json\/wp\/v2\/categories?post=91"},{"taxonomy":"post_tag","embeddable":true,"href":"https:\/\/portoguitarra.com\/en\/wp-json\/wp\/v2\/tags?post=91"}],"curies":[{"name":"wp","href":"https:\/\/api.w.org\/{rel}","templated":true}]}}