{"id":847,"date":"2015-09-09T22:30:56","date_gmt":"2015-09-09T22:30:56","guid":{"rendered":"http:\/\/portoguitarra.com\/?p=847"},"modified":"2015-09-09T22:41:28","modified_gmt":"2015-09-09T22:41:28","slug":"gravado-ao-vivo-na-porto-guitarra","status":"publish","type":"post","link":"https:\/\/portoguitarra.com\/en\/blog\/noticias\/live-recording-at-porto-guitarra\/","title":{"rendered":"Live recording at Porto Guitarra"},"content":{"rendered":"<p>This is one of the live recordings we made at Porto Guitarra that we decided to share.<\/p>\n<p>In this short clip, Cunha Pereira (Portuguese Guitar) and Carlos Teixeira (Classical Guitar), perform &#8220;Varia\u00e7\u00f5es em La menor&#8221; by Afonso de Sousa.<\/p>\n<p>https:\/\/www.youtube.com\/watch?v=tmK3w7KKIfM<\/p>","protected":false},"excerpt":{"rendered":"<p>This is one of the live recordings we made at Porto Guitarra that we decided to share. In this short clip, Cunha Pereira (Portuguese Guitar) and Carlos Teixeira (Classical Guitar), perform &#8220;Varia\u00e7\u00f5es em La menor&#8221; by Afonso de Sousa. https:\/\/www.youtube.com\/watch?v=tmK3w7KKIfM<\/p>\n","protected":false},"author":3,"featured_media":848,"comment_status":"open","ping_status":"open","sticky":false,"template":"","format":"standard","meta":[],"categories":[38],"tags":[],"yoast_head":"<!-- This site is optimized with the Yoast SEO plugin v16.2 - https:\/\/yoast.com\/wordpress\/plugins\/seo\/ -->\n<title>Live recording at Porto Guitarra - Porto Guitarra<\/title>\n<meta name=\"description\" content=\"Este \u00e9 um dos registos feitos ao vivo na Porto Guitarra e que decidimos partilhar. Neste pequeno v\u00eddeo, Cunha Pereira \u00e0 Guitarra e Carlos Teixeira \u00e0\" \/>\n<meta name=\"robots\" content=\"index, follow, max-snippet:-1, max-image-preview:large, max-video-preview:-1\" \/>\n<link rel=\"canonical\" href=\"https:\/\/portoguitarra.com\/en\/blog\/noticias\/live-recording-at-porto-guitarra\/\" \/>\n<meta property=\"og:locale\" content=\"en_US\" \/>\n<meta property=\"og:type\" content=\"article\" \/>\n<meta property=\"og:title\" content=\"[:pt]Gravado ao Vivo na Porto Guitarra[:en]Live recording at Porto Guitarra[:] - Porto Guitarra\" \/>\n<meta property=\"og:description\" content=\"Este \u00e9 um dos registos feitos ao vivo na Porto Guitarra e que decidimos partilhar. Neste pequeno v\u00eddeo, Cunha Pereira \u00e0 Guitarra e Carlos Teixeira \u00e0\" \/>\n<meta property=\"og:url\" content=\"https:\/\/portoguitarra.com\/en\/blog\/noticias\/live-recording-at-porto-guitarra\/\" \/>\n<meta property=\"og:site_name\" content=\"Porto Guitarra\" \/>\n<meta property=\"article:publisher\" content=\"https:\/\/www.facebook.com\/portoguitarra\" \/>\n<meta property=\"article:published_time\" content=\"2015-09-09T22:30:56+00:00\" \/>\n<meta property=\"article:modified_time\" content=\"2015-09-09T22:41:28+00:00\" \/>\n<meta property=\"og:image\" content=\"https:\/\/portoguitarra.com\/content\/uploads\/2015\/09\/aaaaaaaaaaaaaaaaaaaaaaaa.jpg\" \/>\n\t<meta property=\"og:image:width\" content=\"960\" \/>\n\t<meta property=\"og:image:height\" content=\"539\" \/>\n<script type=\"application\/ld+json\" class=\"yoast-schema-graph\">{\"@context\":\"https:\/\/schema.org\",\"@graph\":[{\"@type\":\"WebSite\",\"@id\":\"https:\/\/portoguitarra.com\/#website\",\"url\":\"https:\/\/portoguitarra.com\/\",\"name\":\"Porto Guitarra\",\"description\":\"A magia dos instrumentos de corda\",\"potentialAction\":[{\"@type\":\"SearchAction\",\"target\":\"https:\/\/portoguitarra.com\/?s={search_term_string}\",\"query-input\":\"required name=search_term_string\"}],\"inLanguage\":\"en-US\"},{\"@type\":\"ImageObject\",\"@id\":\"https:\/\/portoguitarra.com\/en\/blog\/noticias\/live-recording-at-porto-guitarra\/#primaryimage\",\"inLanguage\":\"en-US\",\"url\":\"https:\/\/portoguitarra.com\/content\/uploads\/2015\/09\/aaaaaaaaaaaaaaaaaaaaaaaa.jpg\",\"contentUrl\":\"https:\/\/portoguitarra.com\/content\/uploads\/2015\/09\/aaaaaaaaaaaaaaaaaaaaaaaa.jpg\",\"width\":960,\"height\":539},{\"@type\":\"WebPage\",\"@id\":\"https:\/\/portoguitarra.com\/en\/blog\/noticias\/live-recording-at-porto-guitarra\/#webpage\",\"url\":\"https:\/\/portoguitarra.com\/en\/blog\/noticias\/live-recording-at-porto-guitarra\/\",\"name\":\"[:pt]Gravado ao Vivo na Porto Guitarra[:en]Live recording at Porto Guitarra[:] - Porto Guitarra\",\"isPartOf\":{\"@id\":\"https:\/\/portoguitarra.com\/#website\"},\"primaryImageOfPage\":{\"@id\":\"https:\/\/portoguitarra.com\/en\/blog\/noticias\/live-recording-at-porto-guitarra\/#primaryimage\"},\"datePublished\":\"2015-09-09T22:30:56+00:00\",\"dateModified\":\"2015-09-09T22:41:28+00:00\",\"author\":{\"@id\":\"https:\/\/portoguitarra.com\/#\/schema\/person\/6034db996aeb3e440434440369fadcc6\"},\"description\":\"Este \\u00e9 um dos registos feitos ao vivo na Porto Guitarra e que decidimos partilhar. Neste pequeno v\\u00eddeo, Cunha Pereira \\u00e0 Guitarra e Carlos Teixeira \\u00e0\",\"breadcrumb\":{\"@id\":\"https:\/\/portoguitarra.com\/en\/blog\/noticias\/live-recording-at-porto-guitarra\/#breadcrumb\"},\"inLanguage\":\"en-US\",\"potentialAction\":[{\"@type\":\"ReadAction\",\"target\":[\"https:\/\/portoguitarra.com\/en\/blog\/noticias\/live-recording-at-porto-guitarra\/\"]}]},{\"@type\":\"BreadcrumbList\",\"@id\":\"https:\/\/portoguitarra.com\/en\/blog\/noticias\/live-recording-at-porto-guitarra\/#breadcrumb\",\"itemListElement\":[{\"@type\":\"ListItem\",\"position\":1,\"item\":{\"@type\":\"WebPage\",\"@id\":\"https:\/\/portoguitarra.com\/\",\"url\":\"https:\/\/portoguitarra.com\/\",\"name\":\"In\\u00edcio\"}},{\"@type\":\"ListItem\",\"position\":2,\"item\":{\"@id\":\"https:\/\/portoguitarra.com\/en\/blog\/noticias\/live-recording-at-porto-guitarra\/#webpage\"}}]},{\"@type\":\"Person\",\"@id\":\"https:\/\/portoguitarra.com\/#\/schema\/person\/6034db996aeb3e440434440369fadcc6\",\"name\":\"Agostinho Rodrigues\",\"image\":{\"@type\":\"ImageObject\",\"@id\":\"https:\/\/portoguitarra.com\/#personlogo\",\"inLanguage\":\"en-US\",\"url\":\"https:\/\/secure.gravatar.com\/avatar\/747660d3f4cca189d7b1f8a36a3330f3?s=96&d=mm&r=g\",\"contentUrl\":\"https:\/\/secure.gravatar.com\/avatar\/747660d3f4cca189d7b1f8a36a3330f3?s=96&d=mm&r=g\",\"caption\":\"Agostinho Rodrigues\"},\"sameAs\":[\"http:\/\/portoguitarra.com\"]}]}<\/script>\n<!-- \/ Yoast SEO plugin. -->","_links":{"self":[{"href":"https:\/\/portoguitarra.com\/en\/wp-json\/wp\/v2\/posts\/847"}],"collection":[{"href":"https:\/\/portoguitarra.com\/en\/wp-json\/wp\/v2\/posts"}],"about":[{"href":"https:\/\/portoguitarra.com\/en\/wp-json\/wp\/v2\/types\/post"}],"author":[{"embeddable":true,"href":"https:\/\/portoguitarra.com\/en\/wp-json\/wp\/v2\/users\/3"}],"replies":[{"embeddable":true,"href":"https:\/\/portoguitarra.com\/en\/wp-json\/wp\/v2\/comments?post=847"}],"version-history":[{"count":2,"href":"https:\/\/portoguitarra.com\/en\/wp-json\/wp\/v2\/posts\/847\/revisions"}],"predecessor-version":[{"id":850,"href":"https:\/\/portoguitarra.com\/en\/wp-json\/wp\/v2\/posts\/847\/revisions\/850"}],"wp:featuredmedia":[{"embeddable":true,"href":"https:\/\/portoguitarra.com\/en\/wp-json\/wp\/v2\/media\/848"}],"wp:attachment":[{"href":"https:\/\/portoguitarra.com\/en\/wp-json\/wp\/v2\/media?parent=847"}],"wp:term":[{"taxonomy":"category","embeddable":true,"href":"https:\/\/portoguitarra.com\/en\/wp-json\/wp\/v2\/categories?post=847"},{"taxonomy":"post_tag","embeddable":true,"href":"https:\/\/portoguitarra.com\/en\/wp-json\/wp\/v2\/tags?post=847"}],"curies":[{"name":"wp","href":"https:\/\/api.w.org\/{rel}","templated":true}]}}