{"id":79,"date":"2014-01-21T18:36:39","date_gmt":"2014-01-21T18:36:39","guid":{"rendered":"http:\/\/portoguitarra.com\/?p=79"},"modified":"2014-07-28T16:34:47","modified_gmt":"2014-07-28T16:34:47","slug":"viola-campanica","status":"publish","type":"post","link":"https:\/\/portoguitarra.com\/en\/produtos\/viola-campanica\/","title":{"rendered":"Viola Campani\u00e7a (Campani\u00e7a Guitar)"},"content":{"rendered":"<p>This is one of the Portuguese regional guitars\u00a0of the south of Portugal (Alentejo). The body\u00a0has a very pronounced form of 8\u00a0and \u00a0it\u00a0usually has a peculiar mouth (some people consider it represents\u00a0the sun of Alentejo).<\/p>\n<p>It has a very rich and unusual sounding due to the tuning which is usually used.<\/p>\n<p>In the sixties&#8217;, this guitar\u00a0was reported by Ernesto Veiga de Oliveira as &#8220;very rare and on the verge of total extinction&#8221;, in the 1st edition of his book &#8220;Portuguese Popular Musical Instruments &#8220;.<br \/>\nToday, the scenario is different, there are numerous musicians playing this traditional guitar, especially in typical folk singing.<\/p>\n<p>In its different configurations of construction, these are the most popular:<\/p>\n<p>Top: Linden, Spruce<\/p>\n<p>Sidesand back: \u00a0Walnut<\/p>\n<p>Neck:\u00a0 Mahogany<\/p>\n<p>Fretboard: Wenge, Rosewood, Ebony<\/p>","protected":false},"excerpt":{"rendered":"<p>This is one of the Portuguese regional guitars\u00a0of the south of Portugal (Alentejo). The body\u00a0has a very pronounced form of 8\u00a0and \u00a0it\u00a0usually has a peculiar mouth (some people consider it represents\u00a0the sun of Alentejo). It has a very rich and unusual sounding due to the tuning which is usually used. In the sixties&#8217;, this guitar\u00a0was[&#8230;..]<\/p>\n","protected":false},"author":2,"featured_media":435,"comment_status":"open","ping_status":"open","sticky":false,"template":"","format":"standard","meta":[],"categories":[4,22,13],"tags":[],"yoast_head":"<!-- This site is optimized with the Yoast SEO plugin v16.2 - https:\/\/yoast.com\/wordpress\/plugins\/seo\/ -->\n<title>Viola Campani\u00e7aViola Campani\u00e7a (Campani\u00e7a Guitar) - Porto Guitarra<\/title>\n<meta name=\"description\" content=\"Viola regional t\u00edpica do Alentejo com forma de 8 muito pronunciado e normalmente com uma ros\u00e1cea peculiar (h\u00e1 quem refira que lembra o sol do Alentejo).\" \/>\n<meta name=\"robots\" content=\"index, follow, max-snippet:-1, max-image-preview:large, max-video-preview:-1\" \/>\n<link rel=\"canonical\" href=\"https:\/\/portoguitarra.com\/produtos\/viola-campanica\/\" \/>\n<meta property=\"og:locale\" content=\"en_US\" \/>\n<meta property=\"og:type\" content=\"article\" \/>\n<meta property=\"og:title\" content=\"Viola Campani\u00e7aViola Campani\u00e7a (Campani\u00e7a Guitar) - Porto Guitarra\" \/>\n<meta property=\"og:description\" content=\"Viola regional t\u00edpica do Alentejo com forma de 8 muito pronunciado e normalmente com uma ros\u00e1cea peculiar (h\u00e1 quem refira que lembra o sol do Alentejo).\" \/>\n<meta property=\"og:url\" content=\"https:\/\/portoguitarra.com\/produtos\/viola-campanica\/\" \/>\n<meta property=\"og:site_name\" content=\"Porto Guitarra\" \/>\n<meta property=\"article:publisher\" content=\"https:\/\/www.facebook.com\/portoguitarra\" \/>\n<meta property=\"article:published_time\" content=\"2014-01-21T18:36:39+00:00\" \/>\n<meta property=\"article:modified_time\" content=\"2014-07-28T16:34:47+00:00\" \/>\n<meta property=\"og:image\" content=\"https:\/\/portoguitarra.com\/content\/uploads\/2014\/07\/CAMPANI\u00c7A.jpg\" \/>\n\t<meta property=\"og:image:width\" content=\"2885\" \/>\n\t<meta property=\"og:image:height\" content=\"4099\" \/>\n<meta name=\"twitter:label1\" content=\"Est. reading time\">\n\t<meta name=\"twitter:data1\" content=\"2 minutes\">\n<script type=\"application\/ld+json\" class=\"yoast-schema-graph\">{\"@context\":\"https:\/\/schema.org\",\"@graph\":[{\"@type\":\"WebSite\",\"@id\":\"https:\/\/portoguitarra.com\/#website\",\"url\":\"https:\/\/portoguitarra.com\/\",\"name\":\"Porto Guitarra\",\"description\":\"A magia dos instrumentos de corda\",\"potentialAction\":[{\"@type\":\"SearchAction\",\"target\":\"https:\/\/portoguitarra.com\/?s={search_term_string}\",\"query-input\":\"required name=search_term_string\"}],\"inLanguage\":\"en-US\"},{\"@type\":\"ImageObject\",\"@id\":\"https:\/\/portoguitarra.com\/produtos\/viola-campanica\/#primaryimage\",\"inLanguage\":\"en-US\",\"url\":\"https:\/\/portoguitarra.com\/content\/uploads\/2014\/07\/CAMPANI\\u00c7A.jpg\",\"contentUrl\":\"https:\/\/portoguitarra.com\/content\/uploads\/2014\/07\/CAMPANI\\u00c7A.jpg\",\"width\":2885,\"height\":4099},{\"@type\":\"WebPage\",\"@id\":\"https:\/\/portoguitarra.com\/produtos\/viola-campanica\/#webpage\",\"url\":\"https:\/\/portoguitarra.com\/produtos\/viola-campanica\/\",\"name\":\"Viola Campani\\u00e7aViola Campani\\u00e7a (Campani\\u00e7a Guitar) - Porto Guitarra\",\"isPartOf\":{\"@id\":\"https:\/\/portoguitarra.com\/#website\"},\"primaryImageOfPage\":{\"@id\":\"https:\/\/portoguitarra.com\/produtos\/viola-campanica\/#primaryimage\"},\"datePublished\":\"2014-01-21T18:36:39+00:00\",\"dateModified\":\"2014-07-28T16:34:47+00:00\",\"author\":{\"@id\":\"https:\/\/portoguitarra.com\/#\/schema\/person\/f7e37f1300706229304cb7f86ac30b1e\"},\"description\":\"Viola regional t\\u00edpica do Alentejo com forma de 8 muito pronunciado e normalmente com uma ros\\u00e1cea peculiar (h\\u00e1 quem refira que lembra o sol do Alentejo).\",\"breadcrumb\":{\"@id\":\"https:\/\/portoguitarra.com\/produtos\/viola-campanica\/#breadcrumb\"},\"inLanguage\":\"en-US\",\"potentialAction\":[{\"@type\":\"ReadAction\",\"target\":[\"https:\/\/portoguitarra.com\/produtos\/viola-campanica\/\"]}]},{\"@type\":\"BreadcrumbList\",\"@id\":\"https:\/\/portoguitarra.com\/produtos\/viola-campanica\/#breadcrumb\",\"itemListElement\":[{\"@type\":\"ListItem\",\"position\":1,\"item\":{\"@type\":\"WebPage\",\"@id\":\"https:\/\/portoguitarra.com\/\",\"url\":\"https:\/\/portoguitarra.com\/\",\"name\":\"In\\u00edcio\"}},{\"@type\":\"ListItem\",\"position\":2,\"item\":{\"@id\":\"https:\/\/portoguitarra.com\/produtos\/viola-campanica\/#webpage\"}}]},{\"@type\":\"Person\",\"@id\":\"https:\/\/portoguitarra.com\/#\/schema\/person\/f7e37f1300706229304cb7f86ac30b1e\",\"name\":\"admin\",\"image\":{\"@type\":\"ImageObject\",\"@id\":\"https:\/\/portoguitarra.com\/#personlogo\",\"inLanguage\":\"en-US\",\"url\":\"https:\/\/secure.gravatar.com\/avatar\/0cd7d3400470381199760b9636246196?s=96&d=mm&r=g\",\"contentUrl\":\"https:\/\/secure.gravatar.com\/avatar\/0cd7d3400470381199760b9636246196?s=96&d=mm&r=g\",\"caption\":\"admin\"}}]}<\/script>\n<!-- \/ Yoast SEO plugin. -->","_links":{"self":[{"href":"https:\/\/portoguitarra.com\/en\/wp-json\/wp\/v2\/posts\/79"}],"collection":[{"href":"https:\/\/portoguitarra.com\/en\/wp-json\/wp\/v2\/posts"}],"about":[{"href":"https:\/\/portoguitarra.com\/en\/wp-json\/wp\/v2\/types\/post"}],"author":[{"embeddable":true,"href":"https:\/\/portoguitarra.com\/en\/wp-json\/wp\/v2\/users\/2"}],"replies":[{"embeddable":true,"href":"https:\/\/portoguitarra.com\/en\/wp-json\/wp\/v2\/comments?post=79"}],"version-history":[{"count":0,"href":"https:\/\/portoguitarra.com\/en\/wp-json\/wp\/v2\/posts\/79\/revisions"}],"wp:featuredmedia":[{"embeddable":true,"href":"https:\/\/portoguitarra.com\/en\/wp-json\/wp\/v2\/media\/435"}],"wp:attachment":[{"href":"https:\/\/portoguitarra.com\/en\/wp-json\/wp\/v2\/media?parent=79"}],"wp:term":[{"taxonomy":"category","embeddable":true,"href":"https:\/\/portoguitarra.com\/en\/wp-json\/wp\/v2\/categories?post=79"},{"taxonomy":"post_tag","embeddable":true,"href":"https:\/\/portoguitarra.com\/en\/wp-json\/wp\/v2\/tags?post=79"}],"curies":[{"name":"wp","href":"https:\/\/api.w.org\/{rel}","templated":true}]}}