{"id":778,"date":"2014-10-12T21:23:53","date_gmt":"2014-10-12T21:23:53","guid":{"rendered":"http:\/\/portoguitarra.com\/?p=778"},"modified":"2025-09-23T18:59:41","modified_gmt":"2025-09-23T18:59:41","slug":"novas-instalacoes-da-porto-guitarra","status":"publish","type":"post","link":"https:\/\/portoguitarra.com\/en\/blog\/noticias\/porto-guitarras-new-facilities\/","title":{"rendered":"Porto Guitarra\u2019s new facilities"},"content":{"rendered":"<p><\/p>\n<p>It is with great pleasure that we present to you the new facilities of Porto Guitarra.<\/p>\n<p>From this day on, we are on the 37th, Rua de Santana, right in the heart of the historic center of Porto.<\/p>\n<p>The same dedication as always, doing your best to exceed your expectations.<\/p>\n<table style=\"height: 745px; width: 100%;\" width=\"1122\">\n<tbody>\n<tr style=\"height: 693px;\">\n<td style=\"height: 693px;\"><\/td>\n<td style=\"height: 693px;\"><a class=\".colorbox-image .colorbox-image\" href=\"https:\/\/portoguitarra.com\/content\/uploads\/2014\/10\/IMG_20250923_192116-scaled.jpg\"><img loading=\"lazy\" class=\"aligncenter size-medium wp-image-888\" src=\"https:\/\/portoguitarra.com\/content\/uploads\/2014\/10\/IMG_20250923_192116-244x325.jpg\" alt=\"\" srcset=\"https:\/\/portoguitarra.com\/content\/uploads\/2014\/10\/IMG_20250923_192116-244x325.jpg 244w, https:\/\/portoguitarra.com\/content\/uploads\/2014\/10\/IMG_20250923_192116-768x1024.jpg 768w, https:\/\/portoguitarra.com\/content\/uploads\/2014\/10\/IMG_20250923_192116-1152x1536.jpg 1152w, https:\/\/portoguitarra.com\/content\/uploads\/2014\/10\/IMG_20250923_192116-1536x2048.jpg 1536w, https:\/\/portoguitarra.com\/content\/uploads\/2014\/10\/IMG_20250923_192116-scaled.jpg 1920w\" sizes=\"(max-width: 244px) 100vw, 244px\" \/><\/a><\/td>\n<\/tr>\n<tr style=\"height: 52px;\">\n<td style=\"height: 52px;\"><\/td>\n<td style=\"height: 52px;\"><\/td>\n<\/tr>\n<\/tbody>\n<\/table>\n<p><\/p>","protected":false},"excerpt":{"rendered":"<p>It is with great pleasure that we present to you the new facilities of Porto Guitarra. From this day on, we are on the 37th, Rua de Santana, right in the heart of the historic center of Porto. The same dedication as always, doing your best to exceed your expectations.<\/p>\n","protected":false},"author":3,"featured_media":782,"comment_status":"open","ping_status":"open","sticky":false,"template":"","format":"standard","meta":[],"categories":[38],"tags":[],"yoast_head":"<!-- This site is optimized with the Yoast SEO plugin v16.2 - https:\/\/yoast.com\/wordpress\/plugins\/seo\/ -->\n<title>Novas instala\u00e7\u00f5es da Porto GuitarraPorto Guitarra\u2019s new facilities - Porto Guitarra<\/title>\n<meta name=\"description\" content=\"\u00c9 com muito prazer que vos apresentamos as novas instala\u00e7\u00f5es da Porto Guitarra. Estamos a partir desta data no n\u00ba 37 da Rua de Santana, bem no centro\" \/>\n<meta name=\"robots\" content=\"index, follow, max-snippet:-1, max-image-preview:large, max-video-preview:-1\" \/>\n<link rel=\"canonical\" href=\"https:\/\/portoguitarra.com\/?p=778\" \/>\n<meta property=\"og:locale\" content=\"en_US\" \/>\n<meta property=\"og:type\" content=\"article\" \/>\n<meta property=\"og:title\" content=\"Novas instala\u00e7\u00f5es da Porto GuitarraPorto Guitarra\u2019s new facilities - Porto Guitarra\" \/>\n<meta property=\"og:description\" content=\"\u00c9 com muito prazer que vos apresentamos as novas instala\u00e7\u00f5es da Porto Guitarra. Estamos a partir desta data no n\u00ba 37 da Rua de Santana, bem no centro\" \/>\n<meta property=\"og:url\" content=\"https:\/\/portoguitarra.com\/?p=778\" \/>\n<meta property=\"og:site_name\" content=\"Porto Guitarra\" \/>\n<meta property=\"article:publisher\" content=\"https:\/\/www.facebook.com\/portoguitarra\" \/>\n<meta property=\"article:published_time\" content=\"2014-10-12T21:23:53+00:00\" \/>\n<meta property=\"article:modified_time\" content=\"2025-09-23T18:59:41+00:00\" \/>\n<meta property=\"og:image\" content=\"https:\/\/portoguitarra.com\/content\/uploads\/2014\/10\/IMG_9976-1024x682.jpg\" \/>\n\t<meta property=\"og:image:width\" content=\"1024\" \/>\n\t<meta property=\"og:image:height\" content=\"682\" \/>\n<meta name=\"twitter:label1\" content=\"Est. reading time\">\n\t<meta name=\"twitter:data1\" content=\"1 minute\">\n<script type=\"application\/ld+json\" class=\"yoast-schema-graph\">{\"@context\":\"https:\/\/schema.org\",\"@graph\":[{\"@type\":\"WebSite\",\"@id\":\"https:\/\/portoguitarra.com\/#website\",\"url\":\"https:\/\/portoguitarra.com\/\",\"name\":\"Porto Guitarra\",\"description\":\"A magia dos instrumentos de corda\",\"potentialAction\":[{\"@type\":\"SearchAction\",\"target\":\"https:\/\/portoguitarra.com\/?s={search_term_string}\",\"query-input\":\"required name=search_term_string\"}],\"inLanguage\":\"en-US\"},{\"@type\":\"ImageObject\",\"@id\":\"https:\/\/portoguitarra.com\/?p=778#primaryimage\",\"inLanguage\":\"en-US\",\"url\":\"https:\/\/portoguitarra.com\/content\/uploads\/2014\/10\/IMG_9976.jpg\",\"contentUrl\":\"https:\/\/portoguitarra.com\/content\/uploads\/2014\/10\/IMG_9976.jpg\",\"width\":4752,\"height\":3168},{\"@type\":\"WebPage\",\"@id\":\"https:\/\/portoguitarra.com\/?p=778#webpage\",\"url\":\"https:\/\/portoguitarra.com\/?p=778\",\"name\":\"Novas instala\\u00e7\\u00f5es da Porto GuitarraPorto Guitarra\\u2019s new facilities - Porto Guitarra\",\"isPartOf\":{\"@id\":\"https:\/\/portoguitarra.com\/#website\"},\"primaryImageOfPage\":{\"@id\":\"https:\/\/portoguitarra.com\/?p=778#primaryimage\"},\"datePublished\":\"2014-10-12T21:23:53+00:00\",\"dateModified\":\"2025-09-23T18:59:41+00:00\",\"author\":{\"@id\":\"https:\/\/portoguitarra.com\/#\/schema\/person\/6034db996aeb3e440434440369fadcc6\"},\"description\":\"\\u00c9 com muito prazer que vos apresentamos as novas instala\\u00e7\\u00f5es da Porto Guitarra. Estamos a partir desta data no n\\u00ba 37 da Rua de Santana, bem no centro\",\"breadcrumb\":{\"@id\":\"https:\/\/portoguitarra.com\/?p=778#breadcrumb\"},\"inLanguage\":\"en-US\",\"potentialAction\":[{\"@type\":\"ReadAction\",\"target\":[\"https:\/\/portoguitarra.com\/?p=778\"]}]},{\"@type\":\"BreadcrumbList\",\"@id\":\"https:\/\/portoguitarra.com\/?p=778#breadcrumb\",\"itemListElement\":[{\"@type\":\"ListItem\",\"position\":1,\"item\":{\"@type\":\"WebPage\",\"@id\":\"https:\/\/portoguitarra.com\/\",\"url\":\"https:\/\/portoguitarra.com\/\",\"name\":\"In\\u00edcio\"}},{\"@type\":\"ListItem\",\"position\":2,\"item\":{\"@id\":\"https:\/\/portoguitarra.com\/?p=778#webpage\"}}]},{\"@type\":\"Person\",\"@id\":\"https:\/\/portoguitarra.com\/#\/schema\/person\/6034db996aeb3e440434440369fadcc6\",\"name\":\"Agostinho Rodrigues\",\"image\":{\"@type\":\"ImageObject\",\"@id\":\"https:\/\/portoguitarra.com\/#personlogo\",\"inLanguage\":\"en-US\",\"url\":\"https:\/\/secure.gravatar.com\/avatar\/747660d3f4cca189d7b1f8a36a3330f3?s=96&d=mm&r=g\",\"contentUrl\":\"https:\/\/secure.gravatar.com\/avatar\/747660d3f4cca189d7b1f8a36a3330f3?s=96&d=mm&r=g\",\"caption\":\"Agostinho Rodrigues\"},\"sameAs\":[\"http:\/\/portoguitarra.com\"]}]}<\/script>\n<!-- \/ Yoast SEO plugin. -->","_links":{"self":[{"href":"https:\/\/portoguitarra.com\/en\/wp-json\/wp\/v2\/posts\/778"}],"collection":[{"href":"https:\/\/portoguitarra.com\/en\/wp-json\/wp\/v2\/posts"}],"about":[{"href":"https:\/\/portoguitarra.com\/en\/wp-json\/wp\/v2\/types\/post"}],"author":[{"embeddable":true,"href":"https:\/\/portoguitarra.com\/en\/wp-json\/wp\/v2\/users\/3"}],"replies":[{"embeddable":true,"href":"https:\/\/portoguitarra.com\/en\/wp-json\/wp\/v2\/comments?post=778"}],"version-history":[{"count":10,"href":"https:\/\/portoguitarra.com\/en\/wp-json\/wp\/v2\/posts\/778\/revisions"}],"predecessor-version":[{"id":892,"href":"https:\/\/portoguitarra.com\/en\/wp-json\/wp\/v2\/posts\/778\/revisions\/892"}],"wp:featuredmedia":[{"embeddable":true,"href":"https:\/\/portoguitarra.com\/en\/wp-json\/wp\/v2\/media\/782"}],"wp:attachment":[{"href":"https:\/\/portoguitarra.com\/en\/wp-json\/wp\/v2\/media?parent=778"}],"wp:term":[{"taxonomy":"category","embeddable":true,"href":"https:\/\/portoguitarra.com\/en\/wp-json\/wp\/v2\/categories?post=778"},{"taxonomy":"post_tag","embeddable":true,"href":"https:\/\/portoguitarra.com\/en\/wp-json\/wp\/v2\/tags?post=778"}],"curies":[{"name":"wp","href":"https:\/\/api.w.org\/{rel}","templated":true}]}}