{"id":434,"date":"2014-07-21T23:07:04","date_gmt":"2014-07-21T23:07:04","guid":{"rendered":"http:\/\/portoguitarra.com\/?p=434"},"modified":"2014-08-04T14:28:51","modified_gmt":"2014-08-04T14:28:51","slug":"eiffel","status":"publish","type":"post","link":"https:\/\/portoguitarra.com\/en\/blog\/noticias\/eiffel\/","title":{"rendered":"Eiffel"},"content":{"rendered":"<p><\/p>\n<p>Our homage to the city of Porto. The brand new <strong>Portuguese Guitar &#8211; Eiffel<\/strong>. The rosacea&#8217;s design is from <strong>Jorge Almeida<\/strong> (designer and musician) and it was inspired by the D. Lu\u00eds I bridge in Porto.<\/p>\n<p>\u00a0<a href=\"https:\/\/portoguitarra.com\/content\/uploads\/2014\/07\/Porto-DLuis2.jpg\" class=\".colorbox-image\" ><img loading=\"lazy\" class=\"alignnone size-large wp-image-546\" src=\"https:\/\/portoguitarra.com\/content\/uploads\/2014\/07\/Porto-DLuis2-1024x511.jpg\" alt=\"Porto-DLuis2\" srcset=\"https:\/\/portoguitarra.com\/content\/uploads\/2014\/07\/Porto-DLuis2-1024x511.jpg 1024w, https:\/\/portoguitarra.com\/content\/uploads\/2014\/07\/Porto-DLuis2-495x247.jpg 495w\" sizes=\"(max-width: 1024px) 100vw, 1024px\" \/><\/a>Photo by Jorge Almeida<\/p>\n<p><\/p>","protected":false},"excerpt":{"rendered":"<p>Our homage to the city of Porto. The brand new Portuguese Guitar &#8211; Eiffel. The rosacea&#8217;s design is from Jorge Almeida (designer and musician) and it was inspired by the D. Lu\u00eds I bridge in Porto. \u00a0Photo by Jorge Almeida<\/p>\n","protected":false},"author":3,"featured_media":444,"comment_status":"open","ping_status":"open","sticky":false,"template":"","format":"standard","meta":[],"categories":[38],"tags":[],"yoast_head":"<!-- This site is optimized with the Yoast SEO plugin v16.2 - https:\/\/yoast.com\/wordpress\/plugins\/seo\/ -->\n<title>EiffelEiffel  - Porto Guitarra<\/title>\n<meta name=\"description\" content=\"A nossa homenagem \u00e0 cidade do Porto. A nov\u00edssima Guitarra Portuguesa - Eiffel. A ros\u00e1cea \u00e9 obra do designer e m\u00fasico\u00a0Jorge Almeida e foi inspirada na\" \/>\n<meta name=\"robots\" content=\"index, follow, max-snippet:-1, max-image-preview:large, max-video-preview:-1\" \/>\n<link rel=\"canonical\" href=\"https:\/\/portoguitarra.com\/en\/blog\/noticias\/eiffel\/\" \/>\n<meta property=\"og:locale\" content=\"en_US\" \/>\n<meta property=\"og:type\" content=\"article\" \/>\n<meta property=\"og:title\" content=\"EiffelEiffel  - Porto Guitarra\" \/>\n<meta property=\"og:description\" content=\"A nossa homenagem \u00e0 cidade do Porto. A nov\u00edssima Guitarra Portuguesa - Eiffel. A ros\u00e1cea \u00e9 obra do designer e m\u00fasico\u00a0Jorge Almeida e foi inspirada na\" \/>\n<meta property=\"og:url\" content=\"https:\/\/portoguitarra.com\/en\/blog\/noticias\/eiffel\/\" \/>\n<meta property=\"og:site_name\" content=\"Porto Guitarra\" \/>\n<meta property=\"article:publisher\" content=\"https:\/\/www.facebook.com\/portoguitarra\" \/>\n<meta property=\"article:published_time\" content=\"2014-07-21T23:07:04+00:00\" \/>\n<meta property=\"article:modified_time\" content=\"2014-08-04T14:28:51+00:00\" \/>\n<meta property=\"og:image\" content=\"https:\/\/portoguitarra.com\/content\/uploads\/2014\/07\/IMG_9286.jpg\" \/>\n\t<meta property=\"og:image:width\" content=\"2352\" \/>\n\t<meta property=\"og:image:height\" content=\"1568\" \/>\n<script type=\"application\/ld+json\" class=\"yoast-schema-graph\">{\"@context\":\"https:\/\/schema.org\",\"@graph\":[{\"@type\":\"WebSite\",\"@id\":\"https:\/\/portoguitarra.com\/#website\",\"url\":\"https:\/\/portoguitarra.com\/\",\"name\":\"Porto Guitarra\",\"description\":\"A magia dos instrumentos de corda\",\"potentialAction\":[{\"@type\":\"SearchAction\",\"target\":\"https:\/\/portoguitarra.com\/?s={search_term_string}\",\"query-input\":\"required name=search_term_string\"}],\"inLanguage\":\"en-US\"},{\"@type\":\"ImageObject\",\"@id\":\"https:\/\/portoguitarra.com\/en\/blog\/noticias\/eiffel\/#primaryimage\",\"inLanguage\":\"en-US\",\"url\":\"https:\/\/portoguitarra.com\/content\/uploads\/2014\/07\/IMG_9286.jpg\",\"contentUrl\":\"https:\/\/portoguitarra.com\/content\/uploads\/2014\/07\/IMG_9286.jpg\",\"width\":2352,\"height\":1568},{\"@type\":\"WebPage\",\"@id\":\"https:\/\/portoguitarra.com\/en\/blog\/noticias\/eiffel\/#webpage\",\"url\":\"https:\/\/portoguitarra.com\/en\/blog\/noticias\/eiffel\/\",\"name\":\"EiffelEiffel - Porto Guitarra\",\"isPartOf\":{\"@id\":\"https:\/\/portoguitarra.com\/#website\"},\"primaryImageOfPage\":{\"@id\":\"https:\/\/portoguitarra.com\/en\/blog\/noticias\/eiffel\/#primaryimage\"},\"datePublished\":\"2014-07-21T23:07:04+00:00\",\"dateModified\":\"2014-08-04T14:28:51+00:00\",\"author\":{\"@id\":\"https:\/\/portoguitarra.com\/#\/schema\/person\/6034db996aeb3e440434440369fadcc6\"},\"description\":\"A nossa homenagem \\u00e0 cidade do Porto. A nov\\u00edssima Guitarra Portuguesa - Eiffel. A ros\\u00e1cea \\u00e9 obra do designer e m\\u00fasico\\u00a0Jorge Almeida e foi inspirada na\",\"breadcrumb\":{\"@id\":\"https:\/\/portoguitarra.com\/en\/blog\/noticias\/eiffel\/#breadcrumb\"},\"inLanguage\":\"en-US\",\"potentialAction\":[{\"@type\":\"ReadAction\",\"target\":[\"https:\/\/portoguitarra.com\/en\/blog\/noticias\/eiffel\/\"]}]},{\"@type\":\"BreadcrumbList\",\"@id\":\"https:\/\/portoguitarra.com\/en\/blog\/noticias\/eiffel\/#breadcrumb\",\"itemListElement\":[{\"@type\":\"ListItem\",\"position\":1,\"item\":{\"@type\":\"WebPage\",\"@id\":\"https:\/\/portoguitarra.com\/\",\"url\":\"https:\/\/portoguitarra.com\/\",\"name\":\"In\\u00edcio\"}},{\"@type\":\"ListItem\",\"position\":2,\"item\":{\"@id\":\"https:\/\/portoguitarra.com\/en\/blog\/noticias\/eiffel\/#webpage\"}}]},{\"@type\":\"Person\",\"@id\":\"https:\/\/portoguitarra.com\/#\/schema\/person\/6034db996aeb3e440434440369fadcc6\",\"name\":\"Agostinho Rodrigues\",\"image\":{\"@type\":\"ImageObject\",\"@id\":\"https:\/\/portoguitarra.com\/#personlogo\",\"inLanguage\":\"en-US\",\"url\":\"https:\/\/secure.gravatar.com\/avatar\/747660d3f4cca189d7b1f8a36a3330f3?s=96&d=mm&r=g\",\"contentUrl\":\"https:\/\/secure.gravatar.com\/avatar\/747660d3f4cca189d7b1f8a36a3330f3?s=96&d=mm&r=g\",\"caption\":\"Agostinho Rodrigues\"},\"sameAs\":[\"http:\/\/portoguitarra.com\"]}]}<\/script>\n<!-- \/ Yoast SEO plugin. -->","_links":{"self":[{"href":"https:\/\/portoguitarra.com\/en\/wp-json\/wp\/v2\/posts\/434"}],"collection":[{"href":"https:\/\/portoguitarra.com\/en\/wp-json\/wp\/v2\/posts"}],"about":[{"href":"https:\/\/portoguitarra.com\/en\/wp-json\/wp\/v2\/types\/post"}],"author":[{"embeddable":true,"href":"https:\/\/portoguitarra.com\/en\/wp-json\/wp\/v2\/users\/3"}],"replies":[{"embeddable":true,"href":"https:\/\/portoguitarra.com\/en\/wp-json\/wp\/v2\/comments?post=434"}],"version-history":[{"count":0,"href":"https:\/\/portoguitarra.com\/en\/wp-json\/wp\/v2\/posts\/434\/revisions"}],"wp:featuredmedia":[{"embeddable":true,"href":"https:\/\/portoguitarra.com\/en\/wp-json\/wp\/v2\/media\/444"}],"wp:attachment":[{"href":"https:\/\/portoguitarra.com\/en\/wp-json\/wp\/v2\/media?parent=434"}],"wp:term":[{"taxonomy":"category","embeddable":true,"href":"https:\/\/portoguitarra.com\/en\/wp-json\/wp\/v2\/categories?post=434"},{"taxonomy":"post_tag","embeddable":true,"href":"https:\/\/portoguitarra.com\/en\/wp-json\/wp\/v2\/tags?post=434"}],"curies":[{"name":"wp","href":"https:\/\/api.w.org\/{rel}","templated":true}]}}